{"id":99,"date":"2024-03-14T21:45:04","date_gmt":"2024-03-14T20:45:04","guid":{"rendered":"https:\/\/deispaz.org\/?p=99"},"modified":"2024-03-14T21:54:53","modified_gmt":"2024-03-14T20:54:53","slug":"concertacion-con-grupos-etnicos-vereda-la-asuncion-municipio-de-el-retorno-guaviare","status":"publish","type":"post","link":"https:\/\/deispaz.org\/index.php\/2024\/03\/14\/concertacion-con-grupos-etnicos-vereda-la-asuncion-municipio-de-el-retorno-guaviare\/","title":{"rendered":"Concertaci\u00f3n con Grupos Etnicos: Vereda la Asunci\u00f3n Municipio de El Retorno Guaviare"},"content":{"rendered":"\n<p>El pasado viernes 20 de junio, en el marco del componente &nbsp;tierras y Territorio, se desarroll\u00f3 el proceso de concertaci\u00f3n de las actividades que pretende apoyar acciones para la defensa del territorio en el \u00e1rea de influencia de resguardos ind\u00edgenas en el Resguardo La Asunci\u00f3n del municipio do El Retomo.<\/p>\n\n\n\n<p>En presencia de ind\u00edgenas do la otnia. Tukano. Desano. Wanano y Bara y la autoridad tradicional del resguardo La Asunci\u00f3n. se dio a conocer la acci\u00f3n &#8216;delimitaci\u00f3n y amojonamiento del resguardo&#8217;; este es un proceso participativo entre ind\u00edgenas, campesinos y\/o colonos, y juntas de acci\u00f3n comunal de las veredas con las que colinda el resguardo. El trabajo a desarrollarse no solo representa simb\u00f3licamente la delimitaci\u00f3n&nbsp; de la tierra, sino que resinifica a la comandad ind\u00edgena en si territorio. La actividad contempla un componente social que busca empoderar a las autoridades ind\u00edgenas, fortalecer redes sociales y promover pautas de relacionamiento intercultural en estos territorios que buscan la reconciliaci\u00f3n y la paz.<\/p>\n\n\n\n<p>La premisa fundamental del Consorcio DEISPAZ en el trabajo con la Comandados Ind\u00edgenas del Departamento del Guaviare. es el ejercicio de la concertaci\u00f3n que se realiza con las autoridades tradicionales de las comunidades. La concertaci\u00f3n es un<\/p>\n\n\n\n<p>instrumento que garantiza s\u00ed trabajo articulado y de corresponsabilidades entre los pueblos Ind\u00edgenas, los entes gubernamentales, los campesinos y\/o colonos y el Programa Nuevos Territorios de Paz. Adem\u00e1s, fomenta el respeto a la diferencia cultural, al desarrollo de acciones sin da\u00f1o y al respeto por la autonom\u00eda de cada comunidad ind\u00edgena.<\/p>\n\n\n\n<p>Despu\u00e9s de la socializaci\u00f3n de la actividad. la autoridad tradicional&nbsp; ind\u00edgena Capit\u00e1n Octavio L\u00f3pez, expuso: &#8220;basta el momento el resguardo esta algo inseguro porque falte el amojonamiento&#8230; pues yo miro que es bueno, por eso tomamos estas decisiones<\/p>\n\n\n\n<p>para hacer este proceso en el resguardo&#8221;. La comunidad del resguardo La Asunci\u00f3n, identidad la importancia de adelantar este tipo de acciones en el territorio, porque les permite una convivencia tranquila con sus vecinos \u2022 los campesinos y\/o colonos- as\u00ed como la protecci\u00f3n del territorio. En este senado, la comunidad aval\u00f3 la intervenci\u00f3n, comprometi\u00e9ndose en la participaci\u00f3n activa del proceso: del mismo modo se defini\u00f3 la fecha para la construcci\u00f3n concertada de la agenda de trabajo.<\/p>\n","protected":false},"excerpt":{"rendered":"<p>El pasado viernes 20 de junio, en el marco del componente &nbsp;tierras y Territorio, se desarroll\u00f3 el proceso de concertaci\u00f3n de las actividades que pretende apoyar acciones para la defensa del territorio en el \u00e1rea de influencia de resguardos ind\u00edgenas en el Resguardo La Asunci\u00f3n del municipio do El Retomo. [&hellip;]<\/p>\n","protected":false},"author":1,"featured_media":77,"comment_status":"closed","ping_status":"closed","sticky":false,"template":"","format":"standard","meta":{"inline_featured_image":false,"footnotes":""},"categories":[4],"tags":[],"aioseo_notices":[],"_links":{"self":[{"href":"https:\/\/deispaz.org\/index.php\/wp-json\/wp\/v2\/posts\/99"}],"collection":[{"href":"https:\/\/deispaz.org\/index.php\/wp-json\/wp\/v2\/posts"}],"about":[{"href":"https:\/\/deispaz.org\/index.php\/wp-json\/wp\/v2\/types\/post"}],"author":[{"embeddable":true,"href":"https:\/\/deispaz.org\/index.php\/wp-json\/wp\/v2\/users\/1"}],"replies":[{"embeddable":true,"href":"https:\/\/deispaz.org\/index.php\/wp-json\/wp\/v2\/comments?post=99"}],"version-history":[{"count":2,"href":"https:\/\/deispaz.org\/index.php\/wp-json\/wp\/v2\/posts\/99\/revisions"}],"predecessor-version":[{"id":106,"href":"https:\/\/deispaz.org\/index.php\/wp-json\/wp\/v2\/posts\/99\/revisions\/106"}],"wp:featuredmedia":[{"embeddable":true,"href":"https:\/\/deispaz.org\/index.php\/wp-json\/wp\/v2\/media\/77"}],"wp:attachment":[{"href":"https:\/\/deispaz.org\/index.php\/wp-json\/wp\/v2\/media?parent=99"}],"wp:term":[{"taxonomy":"category","embeddable":true,"href":"https:\/\/deispaz.org\/index.php\/wp-json\/wp\/v2\/categories?post=99"},{"taxonomy":"post_tag","embeddable":true,"href":"https:\/\/deispaz.org\/index.php\/wp-json\/wp\/v2\/tags?post=99"}],"curies":[{"name":"wp","href":"https:\/\/api.w.org\/{rel}","templated":true}]}}