{"id":107,"date":"2024-03-14T22:07:49","date_gmt":"2024-03-14T21:07:49","guid":{"rendered":"https:\/\/deispaz.org\/?p=107"},"modified":"2024-03-15T18:42:31","modified_gmt":"2024-03-15T17:42:31","slug":"intercambio-de-experiencias-construccion-de-modelos-de-produccion-sostenible","status":"publish","type":"post","link":"https:\/\/deispaz.org\/index.php\/2024\/03\/14\/intercambio-de-experiencias-construccion-de-modelos-de-produccion-sostenible\/","title":{"rendered":"Intercambio de Experiencias: Construcci\u00f3n de Modelos de Producci\u00f3n Sostenible."},"content":{"rendered":"\n<p><em>Bolet\u00edn N\u00b0 4 Publicado por El Consorcio DEISPAZ \u2014 Un proyecto financiado por el programa NTP de la Uni\u00f3n Europea para Colombia<\/em><\/p>\n\n\n\n<p><strong>El Consorcio DEISPAZ desarroll\u00f3 la Primera Gira de Aprendizaje los d\u00edas 27, 28, 29 y 30 de Mayo del a\u00f1o 2014, con la participaci\u00f3n activa de los 20 peque\u00f1os productores seleccionados, a quienes se fortalecer\u00e1n sus predios en el prop\u00f3sito de que estos se conviertan en &nbsp;modelos de producci\u00f3n sostenible, espacio de r\u00e9plica, formaci\u00f3n e intercambio de experiencias con otros productores<\/strong>.<\/p>\n\n\n\n<div class=\"wp-block-group is-layout-constrained wp-block-group-is-layout-constrained\"><div class=\"wp-block-group__inner-container\">\n<div class=\"wp-block-columns is-layout-flex wp-container-core-columns-layout-2 wp-block-columns-is-layout-flex\">\n<div class=\"wp-block-column is-layout-flow wp-block-column-is-layout-flow\" style=\"flex-basis:100%\">\n<div class=\"wp-block-group is-layout-constrained wp-block-group-is-layout-constrained\"><div class=\"wp-block-group__inner-container\">\n<div class=\"wp-block-columns is-layout-flex wp-container-core-columns-layout-1 wp-block-columns-is-layout-flex\">\n<div class=\"wp-block-column is-layout-flow wp-block-column-is-layout-flow\" style=\"flex-basis:33.33%\">\n<p><strong><em>Manejo del vivero en un cultivo de caucho, Finca La Montana, Javier L\u00f3pez<\/em><\/strong><\/p>\n<\/div>\n\n\n\n<div class=\"wp-block-column is-layout-flow wp-block-column-is-layout-flow\" style=\"flex-basis:66.66%\">\n<p>El grupo de destinatarios visito 6 Fincas demostrativas ubicadas en las veredas Puerto Tolima y Agua Bonita, en el municipio de San Jos\u00e9 del Guaviare; estas Fincas desarrollan procesos productivos exitosos y sostenibles en: Producci\u00f3n, germinaci\u00f3n y beneficio del caucho, Producci\u00f3n y beneficio del cacao, Ganader\u00eda Semi estabulada, Ecoturismo, Producci\u00f3n de Abonos org\u00e1nicos, Bancos de prote\u00edna y energ\u00eda, Agroturismo, Plantas fijadoras de nitr\u00f3geno, Enriquecimiento de rastrojos, Arreglos silvopastoriles y Agroforestales y Seguridad Alimentaria.<\/p>\n\n\n\n<p>Los destinatarios, en un 26%, ten\u00edan conocimientos errados en 6 tem\u00e1ticas los cuales corrigieron en el proceso de Aprender \u2013 haciendo; en promedio un 18% de ellos apropia nuevo conocimiento y experiencia en 11 tem\u00e1ticas, al conocer de primera mano las t\u00e9cnicas y manejos de cada uno de los modelos productivos demostrativos visitados; realizaron intercambios de experiencias, partiendo de conocimientos tradicionales ind\u00edgenas en cuanto al uso medicinal de las plantas, hasta llegar a los desarrollos tecnol\u00f3gicos limpios, que en este momento son punta de lanza; aprendieron que es posible y rentable desarrollar modelos sostenibles, que propendan por la recuperaci\u00f3n y el cuidado de las \u00e1reas degradadas; Comprendieron que en terrenos peque\u00f1os se pueden realizar grandes proyectos partiendo de una buena planificaci\u00f3n predial. El desarrollo de conferencias con personal especializado permiti\u00f3 profundizar en aspectos fundamentales que ser\u00e1n el soporte te\u00f3rico en los modelos productivos propuestos, que ubicaron a cada participante en la realidad nacional y regional en los temas: Planificaci\u00f3n predial, Ganader\u00eda Semi-estabulada, Modelos competitivos para producci\u00f3n de cacao, El Futuro del Caucho en el Guaviare y un eje importante que refer\u00eda el fortalecer la Familia.<\/p>\n<\/div>\n<\/div>\n<\/div><\/div>\n<\/div>\n<\/div>\n<\/div><\/div>\n\n\n\n<div class=\"wp-block-columns is-layout-flex wp-container-core-columns-layout-3 wp-block-columns-is-layout-flex\">\n<div class=\"wp-block-column is-layout-flow wp-block-column-is-layout-flow\" style=\"flex-basis:33.33%\">\n<p><strong><em>Proceso de coagulaci\u00f3n para laminar el L\u00e1tex,<\/em><\/strong> <strong><em>Finca la Montana<\/em><\/strong><\/p>\n<\/div>\n\n\n\n<div class=\"wp-block-column is-layout-flow wp-block-column-is-layout-flow\" style=\"flex-basis:66.66%\">\n<p>Entre las conclusiones que los destinatarios compartieron se resaltan: \u201cAprend\u00ed que en un terreno peque\u00f1o se hacen muchas cosas\u201d &#8211; Ciro Antonio Alfonso, \u201cAprend\u00ed a conocer la importancia del Banco de prote\u00ednas\u201d \u2013 Rodrigo Rojas Galindo, \u201cAprend\u00ed a rayar y laminar el caucho\u201d \u2013 Flor Alba Rond\u00f3n, \u201cEl caucho aporta al medio ambiente, me genera recursos y comienzo a hacer empresa, y el que hace empresa hace riqueza\u201d \u2013 Rub\u00e9n Perilla, \u201cAprend\u00ed a cuidar y sembrar m\u00e1s \u00e1rboles maderables y no tumbar m\u00e1s la monta\u00f1a\u201d \u2013 Mar\u00eda Audelina Medell\u00edn, \u201cLa Ganader\u00eda Semiestabulada es lo m\u00e1s novedoso que he visto por su f\u00e1cil manejo\u201d \u2013 Hernando Romero, \u201cAprend\u00ed que mi finca puede ser una demostraci\u00f3n tur\u00edstica\u201d \u2013 Jes\u00fas Alonso Hern\u00e1ndez, \u201cAprend\u00ed que tenemos que reforestar los ca\u00f1os y nacederos\u201d \u2013 Johnny Camacho Gallego, \u201cAprend\u00ed que en mi finca debo tener un Silvopastoril\u201d \u2013 Gustavo S\u00e1nchez, \u201cPuedo cultivar cacao porque es alimento para mi familia\u201d &#8211; Luz Carmenza Bernal, \u201cLa Planificaci\u00f3n predial es planificar hacia el futuro \u2013 Javier D\u00edaz Olaya,&nbsp; \u201cY sugerir\u00eda que por medio del programa Nuevos Territorios de Paz, se tuviera en la vereda para motivar toda mi comunidad\u201d- Israel Ram\u00edrez, \u201cGracias por esta Gira, fue gratificante, engrandece el saber de nosotros, ayuda a las Familias de cada Finca; nos dignifica de paz interiormente, fue muy grandioso, gracias\u201d \u2013 Jairo Sedano, \u201cQuedando complacido el 100% con todos los del proyecto, y los colegas que nos acompa\u00f1aron, y los conductores que nos transportaron, por lo que aprend\u00ed y lo voy a poner en pr\u00e1ctica en mi terru\u00f1o\u201d \u2013 Rub\u00e9n Perilla, \u201c Que este proyecto se haga m\u00e1s extensivo a m\u00e1s gente\u201d \u2013 Julio Antonio Vallejo, \u201cQue estos eventos se realicen con mayor frecuencia y que participen los productores\u201d \u2013 Mauro Antonio Rivas, \u201c me siento muy contenta con este programa y que sigan trabajando mucho por los campesinos y los felicito a todos los que trabajan en el programa\u201d \u2013 Mar\u00eda Audelina Medell\u00edn, \u201cFue muy bueno\u201d \u2013 Samuel Rodr\u00edguez Tamayo.<\/p>\n<\/div>\n<\/div>\n\n\n\n<div class=\"wp-block-columns is-layout-flex wp-container-core-columns-layout-4 wp-block-columns-is-layout-flex\">\n<div class=\"wp-block-column is-layout-flow wp-block-column-is-layout-flow\" style=\"flex-basis:33.33%\">\n<p><strong><em>Visitando Enriquecimiento de rastrojos,<\/em><\/strong> <strong><em>Finca La \u00d1upana<\/em><\/strong><\/p>\n<\/div>\n\n\n\n<div class=\"wp-block-column is-layout-flow wp-block-column-is-layout-flow\" style=\"flex-basis:66.66%\">\n<p><strong><em>Sendero Ecol\u00f3gico Finca Diamante de las aguas,<\/em><\/strong> <strong><em>Jairo Sedano<\/em><\/strong><\/p>\n<\/div>\n<\/div>\n\n\n\n<div class=\"wp-block-columns is-layout-flex wp-container-core-columns-layout-5 wp-block-columns-is-layout-flex\">\n<div class=\"wp-block-column is-layout-flow wp-block-column-is-layout-flow\" style=\"flex-basis:33.33%\">\n<p><strong><em>Cultivo de cacao, Finca La Ceiba, Demetrio Rey de<\/em><\/strong> <strong><em>la Etnia Curripaco<\/em><\/strong><\/p>\n<\/div>\n\n\n\n<div class=\"wp-block-column is-layout-flow wp-block-column-is-layout-flow\" style=\"flex-basis:66.66%\">\n<p><strong><em>Proceso de iniciaci\u00f3n de rayado del \u00e1rbol del caucho,<\/em><\/strong> <strong><em>Finca M\u00e9xico Rub\u00e9n Perilla<\/em><\/strong><\/p>\n<\/div>\n<\/div>\n","protected":false},"excerpt":{"rendered":"<p>Bolet\u00edn N\u00b0 4 Publicado por El Consorcio DEISPAZ \u2014 Un proyecto financiado por el programa NTP de la Uni\u00f3n Europea para Colombia El Consorcio DEISPAZ desarroll\u00f3 la Primera Gira de Aprendizaje los d\u00edas 27, 28, 29 y 30 de Mayo del a\u00f1o 2014, con la participaci\u00f3n activa de los 20 [&hellip;]<\/p>\n","protected":false},"author":1,"featured_media":77,"comment_status":"closed","ping_status":"closed","sticky":false,"template":"","format":"standard","meta":{"inline_featured_image":false,"footnotes":""},"categories":[4],"tags":[],"aioseo_notices":[],"_links":{"self":[{"href":"https:\/\/deispaz.org\/index.php\/wp-json\/wp\/v2\/posts\/107"}],"collection":[{"href":"https:\/\/deispaz.org\/index.php\/wp-json\/wp\/v2\/posts"}],"about":[{"href":"https:\/\/deispaz.org\/index.php\/wp-json\/wp\/v2\/types\/post"}],"author":[{"embeddable":true,"href":"https:\/\/deispaz.org\/index.php\/wp-json\/wp\/v2\/users\/1"}],"replies":[{"embeddable":true,"href":"https:\/\/deispaz.org\/index.php\/wp-json\/wp\/v2\/comments?post=107"}],"version-history":[{"count":12,"href":"https:\/\/deispaz.org\/index.php\/wp-json\/wp\/v2\/posts\/107\/revisions"}],"predecessor-version":[{"id":142,"href":"https:\/\/deispaz.org\/index.php\/wp-json\/wp\/v2\/posts\/107\/revisions\/142"}],"wp:featuredmedia":[{"embeddable":true,"href":"https:\/\/deispaz.org\/index.php\/wp-json\/wp\/v2\/media\/77"}],"wp:attachment":[{"href":"https:\/\/deispaz.org\/index.php\/wp-json\/wp\/v2\/media?parent=107"}],"wp:term":[{"taxonomy":"category","embeddable":true,"href":"https:\/\/deispaz.org\/index.php\/wp-json\/wp\/v2\/categories?post=107"},{"taxonomy":"post_tag","embeddable":true,"href":"https:\/\/deispaz.org\/index.php\/wp-json\/wp\/v2\/tags?post=107"}],"curies":[{"name":"wp","href":"https:\/\/api.w.org\/{rel}","templated":true}]}}